{"id":633,"date":"2017-03-13T20:51:33","date_gmt":"2017-03-13T18:51:33","guid":{"rendered":"http:\/\/www.mittelpunkt-pferd-sh.de\/?p=633"},"modified":"2017-03-13T22:36:09","modified_gmt":"2017-03-13T20:36:09","slug":"doppellongen-seminar-am-02-06-4-06-17-in-ehlersdorf","status":"publish","type":"post","link":"http:\/\/www.mittelpunkt-pferd-sh.de\/?p=633","title":{"rendered":"Doppellongen Seminar am 02.06-4.06.17 in Ehlersdorf"},"content":{"rendered":"<p>Vom 02.06.17-04.06.17 gebe ich ein Doppellongen Seminar in Ehlersdorf. Das Seminar ist f\u00fcr Einsteiger und Fortgeschrittene. Die Pferde k\u00f6nnen f\u00fcr das Seminar im Stall eingestellt werden. Es gibt aber auch die M\u00f6glichkeit sich ein Pferd vom Hof f\u00fcr das Seminar zu leihen. Weiter Infos folgen&#8230;<br \/>\nBei Fragen schreibt mir eine Nachricht!<\/p>\n<p>Eure Amrei<\/p>\n<div style=\"width: 584px;\" class=\"wp-video\"><!--[if lt IE 9]><script>document.createElement('video');<\/script><![endif]-->\n<video class=\"wp-video-shortcode\" id=\"video-633-1\" width=\"584\" height=\"329\" preload=\"metadata\" controls=\"controls\"><source type=\"video\/mp4\" src=\"http:\/\/www.toewe-rendsburg.de\/wordpress\/wp-content\/uploads\/2017\/03\/video-1489432859.mp4?_=1\" \/><a href=\"http:\/\/www.toewe-rendsburg.de\/wordpress\/wp-content\/uploads\/2017\/03\/video-1489432859.mp4\">http:\/\/www.toewe-rendsburg.de\/wordpress\/wp-content\/uploads\/2017\/03\/video-1489432859.mp4<\/a><\/video><\/div>\n","protected":false},"excerpt":{"rendered":"<p>Vom 02.06.17-04.06.17 gebe ich ein Doppellongen Seminar in Ehlersdorf. Das Seminar ist f\u00fcr Einsteiger und Fortgeschrittene. Die Pferde k\u00f6nnen f\u00fcr das Seminar im Stall eingestellt werden. Es gibt aber auch die M\u00f6glichkeit sich ein Pferd vom Hof f\u00fcr das Seminar &hellip; <a href=\"http:\/\/www.mittelpunkt-pferd-sh.de\/?p=633\">Weiterlesen <span class=\"meta-nav\">&rarr;<\/span><\/a><\/p>\n","protected":false},"author":1,"featured_media":0,"comment_status":"closed","ping_status":"closed","sticky":false,"template":"","format":"standard","meta":{"footnotes":""},"categories":[17,21,1,22,15],"tags":[],"class_list":["post-633","post","type-post","status-publish","format-standard","hentry","category-aktuelles","category-seminare","category-uncategorized","category-veranstaltungen","category-video"],"_links":{"self":[{"href":"http:\/\/www.mittelpunkt-pferd-sh.de\/index.php?rest_route=\/wp\/v2\/posts\/633","targetHints":{"allow":["GET"]}}],"collection":[{"href":"http:\/\/www.mittelpunkt-pferd-sh.de\/index.php?rest_route=\/wp\/v2\/posts"}],"about":[{"href":"http:\/\/www.mittelpunkt-pferd-sh.de\/index.php?rest_route=\/wp\/v2\/types\/post"}],"author":[{"embeddable":true,"href":"http:\/\/www.mittelpunkt-pferd-sh.de\/index.php?rest_route=\/wp\/v2\/users\/1"}],"replies":[{"embeddable":true,"href":"http:\/\/www.mittelpunkt-pferd-sh.de\/index.php?rest_route=%2Fwp%2Fv2%2Fcomments&post=633"}],"version-history":[{"count":0,"href":"http:\/\/www.mittelpunkt-pferd-sh.de\/index.php?rest_route=\/wp\/v2\/posts\/633\/revisions"}],"wp:attachment":[{"href":"http:\/\/www.mittelpunkt-pferd-sh.de\/index.php?rest_route=%2Fwp%2Fv2%2Fmedia&parent=633"}],"wp:term":[{"taxonomy":"category","embeddable":true,"href":"http:\/\/www.mittelpunkt-pferd-sh.de\/index.php?rest_route=%2Fwp%2Fv2%2Fcategories&post=633"},{"taxonomy":"post_tag","embeddable":true,"href":"http:\/\/www.mittelpunkt-pferd-sh.de\/index.php?rest_route=%2Fwp%2Fv2%2Ftags&post=633"}],"curies":[{"name":"wp","href":"https:\/\/api.w.org\/{rel}","templated":true}]}}