{"id":641,"date":"2017-04-29T19:29:28","date_gmt":"2017-04-29T17:29:28","guid":{"rendered":"http:\/\/www.mittelpunkt-pferd-sh.de\/?p=641"},"modified":"2017-04-29T19:29:28","modified_gmt":"2017-04-29T17:29:28","slug":"doppellongen-seminar-2-06-4-06-17","status":"publish","type":"post","link":"http:\/\/www.mittelpunkt-pferd-sh.de\/?p=641","title":{"rendered":"Doppellongen Seminar 2.06-4.06.17"},"content":{"rendered":"<p>Doppellongen Seminar vom 2.06.17-4.06.17 auf dem Kastanienhof in Ehlersdorf. Das Seminar ist f\u00fcr Anf\u00e4nger und f\u00fcr Fortgeschrittene. Eigene Pferde k\u00f6nnen auf dem Hof untergestellt werden. Am Freitag findet eine Theorieeinheit zur Besprechung der Ausr\u00fcstung statt. Samstag und Sonntag Vormittag und Nachmittag erh\u00e4lt jeder Teilnehmer Einzelunterricht. Pro Tag sind es zwei Einheiten a 30 min. Das Seminar kostet 105\u20ac mit eigenem Pferd. Darin sind die Einheiten und die Theorie enthalten. Boxenmiete pro Tag sind 12\u20ac inkl. Futter und misten. Eigene Doppellonge und Gurt werden nicht ben\u00f6tigt k\u00f6nnen aber, wenn vorhanden, gerne mitgebracht werden. Anmeldung unter amrei@mittelpunkt-pferd-sh.de oder per PN<\/p>\n<div style=\"width: 584px;\" class=\"wp-video\"><!--[if lt IE 9]><script>document.createElement('video');<\/script><![endif]-->\n<video class=\"wp-video-shortcode\" id=\"video-641-1\" width=\"584\" height=\"329\" preload=\"metadata\" controls=\"controls\"><source type=\"video\/mp4\" src=\"http:\/\/www.toewe-rendsburg.de\/wordpress\/wp-content\/uploads\/2017\/03\/video-1489432859.mp4?_=1\" \/><a href=\"http:\/\/www.toewe-rendsburg.de\/wordpress\/wp-content\/uploads\/2017\/03\/video-1489432859.mp4\">http:\/\/www.toewe-rendsburg.de\/wordpress\/wp-content\/uploads\/2017\/03\/video-1489432859.mp4<\/a><\/video><\/div>\n","protected":false},"excerpt":{"rendered":"<p>Doppellongen Seminar vom 2.06.17-4.06.17 auf dem Kastanienhof in Ehlersdorf. Das Seminar ist f\u00fcr Anf\u00e4nger und f\u00fcr Fortgeschrittene. Eigene Pferde k\u00f6nnen auf dem Hof untergestellt werden. Am Freitag findet eine Theorieeinheit zur Besprechung der Ausr\u00fcstung statt. Samstag und Sonntag Vormittag und &hellip; <a href=\"http:\/\/www.mittelpunkt-pferd-sh.de\/?p=641\">Weiterlesen <span class=\"meta-nav\">&rarr;<\/span><\/a><\/p>\n","protected":false},"author":1,"featured_media":0,"comment_status":"closed","ping_status":"closed","sticky":false,"template":"","format":"standard","meta":{"footnotes":""},"categories":[1],"tags":[],"class_list":["post-641","post","type-post","status-publish","format-standard","hentry","category-uncategorized"],"_links":{"self":[{"href":"http:\/\/www.mittelpunkt-pferd-sh.de\/index.php?rest_route=\/wp\/v2\/posts\/641","targetHints":{"allow":["GET"]}}],"collection":[{"href":"http:\/\/www.mittelpunkt-pferd-sh.de\/index.php?rest_route=\/wp\/v2\/posts"}],"about":[{"href":"http:\/\/www.mittelpunkt-pferd-sh.de\/index.php?rest_route=\/wp\/v2\/types\/post"}],"author":[{"embeddable":true,"href":"http:\/\/www.mittelpunkt-pferd-sh.de\/index.php?rest_route=\/wp\/v2\/users\/1"}],"replies":[{"embeddable":true,"href":"http:\/\/www.mittelpunkt-pferd-sh.de\/index.php?rest_route=%2Fwp%2Fv2%2Fcomments&post=641"}],"version-history":[{"count":0,"href":"http:\/\/www.mittelpunkt-pferd-sh.de\/index.php?rest_route=\/wp\/v2\/posts\/641\/revisions"}],"wp:attachment":[{"href":"http:\/\/www.mittelpunkt-pferd-sh.de\/index.php?rest_route=%2Fwp%2Fv2%2Fmedia&parent=641"}],"wp:term":[{"taxonomy":"category","embeddable":true,"href":"http:\/\/www.mittelpunkt-pferd-sh.de\/index.php?rest_route=%2Fwp%2Fv2%2Fcategories&post=641"},{"taxonomy":"post_tag","embeddable":true,"href":"http:\/\/www.mittelpunkt-pferd-sh.de\/index.php?rest_route=%2Fwp%2Fv2%2Ftags&post=641"}],"curies":[{"name":"wp","href":"https:\/\/api.w.org\/{rel}","templated":true}]}}