{"id":688,"date":"2018-12-14T23:29:50","date_gmt":"2018-12-14T21:29:50","guid":{"rendered":"http:\/\/www.mittelpunkt-pferd-sh.de\/?p=688"},"modified":"2018-12-14T23:29:50","modified_gmt":"2018-12-14T21:29:50","slug":"projekt-rueckenfit-tag-10","status":"publish","type":"post","link":"http:\/\/www.mittelpunkt-pferd-sh.de\/?p=688","title":{"rendered":"Projekt R\u00fcckenfit Tag 10"},"content":{"rendered":"<p>F\u00fcr heute sind die <span class=\"highlightNode\">Pferde<\/span> mit dem Terraband-Training dran. Ihr k\u00f6nnt die normalen Terrab\u00e4nder nutzen, m\u00fcsst nur dazu noch Seil kaufen, am besten welches aus dem Segelbedarf, denn das ist stabil genug. Dazu noch zwei Karabiner. Ihr bildet aus dem Seil eine Schlaufe und hakt die Karabiner ein. Nun werden die Terrab\u00e4nder befestigt. Die Karabiner werden dann im Longiergurt eingeh\u00e4ngt. Das Terraband soll leicht auf Spannung sein und somit die Hinterhand einrahmen. Die <span class=\"highlightNode\">Pferde<\/span> erst einmal langsam an das Terraband gew\u00f6hnen und nur kurze Trainingseinheiten mit dem Terraband machen.<\/p>\n<p><img loading=\"lazy\" decoding=\"async\" class=\"spotlight\" src=\"https:\/\/scontent.fham3-1.fna.fbcdn.net\/v\/t1.0-9\/48378481_1109381835902929_2596671552816676864_n.jpg?_nc_cat=102&amp;_nc_ht=scontent.fham3-1.fna&amp;oh=f64d3704e459b2936c648784290aa44e&amp;oe=5CABA52C\" alt=\"Kein automatischer Alternativtext verf\u00fcgbar.\" width=\"265\" height=\"265\" \/><img loading=\"lazy\" decoding=\"async\" class=\"spotlight\" src=\"https:\/\/scontent.fham3-1.fna.fbcdn.net\/v\/t1.0-9\/48041596_1109381865902926_1420526004694155264_n.jpg?_nc_cat=111&amp;_nc_ht=scontent.fham3-1.fna&amp;oh=8cad5ef57e75dbd5bc2b0f1ee1fb8af7&amp;oe=5C9BF4EC\" alt=\"Bild k\u00f6nnte enthalten: Pferd und im Freien\" width=\"258\" height=\"258\" \/><\/p>\n","protected":false},"excerpt":{"rendered":"<p>F\u00fcr heute sind die Pferde mit dem Terraband-Training dran. Ihr k\u00f6nnt die normalen Terrab\u00e4nder nutzen, m\u00fcsst nur dazu noch Seil kaufen, am besten welches aus dem Segelbedarf, denn das ist stabil genug. Dazu noch zwei Karabiner. Ihr bildet aus dem &hellip; <a href=\"http:\/\/www.mittelpunkt-pferd-sh.de\/?p=688\">Weiterlesen <span class=\"meta-nav\">&rarr;<\/span><\/a><\/p>\n","protected":false},"author":2,"featured_media":0,"comment_status":"closed","ping_status":"closed","sticky":false,"template":"","format":"standard","meta":{"footnotes":""},"categories":[17,16],"tags":[],"class_list":["post-688","post","type-post","status-publish","format-standard","hentry","category-aktuelles","category-monatsbeitrag"],"_links":{"self":[{"href":"http:\/\/www.mittelpunkt-pferd-sh.de\/index.php?rest_route=\/wp\/v2\/posts\/688","targetHints":{"allow":["GET"]}}],"collection":[{"href":"http:\/\/www.mittelpunkt-pferd-sh.de\/index.php?rest_route=\/wp\/v2\/posts"}],"about":[{"href":"http:\/\/www.mittelpunkt-pferd-sh.de\/index.php?rest_route=\/wp\/v2\/types\/post"}],"author":[{"embeddable":true,"href":"http:\/\/www.mittelpunkt-pferd-sh.de\/index.php?rest_route=\/wp\/v2\/users\/2"}],"replies":[{"embeddable":true,"href":"http:\/\/www.mittelpunkt-pferd-sh.de\/index.php?rest_route=%2Fwp%2Fv2%2Fcomments&post=688"}],"version-history":[{"count":0,"href":"http:\/\/www.mittelpunkt-pferd-sh.de\/index.php?rest_route=\/wp\/v2\/posts\/688\/revisions"}],"wp:attachment":[{"href":"http:\/\/www.mittelpunkt-pferd-sh.de\/index.php?rest_route=%2Fwp%2Fv2%2Fmedia&parent=688"}],"wp:term":[{"taxonomy":"category","embeddable":true,"href":"http:\/\/www.mittelpunkt-pferd-sh.de\/index.php?rest_route=%2Fwp%2Fv2%2Fcategories&post=688"},{"taxonomy":"post_tag","embeddable":true,"href":"http:\/\/www.mittelpunkt-pferd-sh.de\/index.php?rest_route=%2Fwp%2Fv2%2Ftags&post=688"}],"curies":[{"name":"wp","href":"https:\/\/api.w.org\/{rel}","templated":true}]}}