{"id":762,"date":"2021-01-06T19:36:25","date_gmt":"2021-01-06T17:36:25","guid":{"rendered":"http:\/\/www.mittelpunkt-pferd-sh.de\/?p=762"},"modified":"2021-01-08T21:52:44","modified_gmt":"2021-01-08T19:52:44","slug":"anpassung-meiner-behandlungspreise","status":"publish","type":"post","link":"http:\/\/www.mittelpunkt-pferd-sh.de\/?p=762","title":{"rendered":"Anpassung meiner Behandlungspreise"},"content":{"rendered":"\n<p>Nach fast 7 Jahren stabiler Preise habe ich nun zum Jahresbeginn meine Tarife moderat angehoben und der allgemeinem Preisentwicklung angepasst.<\/p>\n\n\n\n<p>F\u00fcr eine Erstbehandlung berechne ich k\u00fcnftig 120 EUR, f\u00fcr eine Nachbehandlung 60 EUR.<\/p>\n\n\n\n<p><\/p>\n","protected":false},"excerpt":{"rendered":"<p>Nach fast 7 Jahren stabiler Preise habe ich nun zum Jahresbeginn meine Tarife moderat angehoben und der allgemeinem Preisentwicklung angepasst. F\u00fcr eine Erstbehandlung berechne ich k\u00fcnftig 120 EUR, f\u00fcr eine Nachbehandlung 60 EUR.<\/p>\n","protected":false},"author":2,"featured_media":0,"comment_status":"closed","ping_status":"closed","sticky":false,"template":"","format":"standard","meta":{"footnotes":""},"categories":[1],"tags":[],"class_list":["post-762","post","type-post","status-publish","format-standard","hentry","category-uncategorized"],"_links":{"self":[{"href":"http:\/\/www.mittelpunkt-pferd-sh.de\/index.php?rest_route=\/wp\/v2\/posts\/762","targetHints":{"allow":["GET"]}}],"collection":[{"href":"http:\/\/www.mittelpunkt-pferd-sh.de\/index.php?rest_route=\/wp\/v2\/posts"}],"about":[{"href":"http:\/\/www.mittelpunkt-pferd-sh.de\/index.php?rest_route=\/wp\/v2\/types\/post"}],"author":[{"embeddable":true,"href":"http:\/\/www.mittelpunkt-pferd-sh.de\/index.php?rest_route=\/wp\/v2\/users\/2"}],"replies":[{"embeddable":true,"href":"http:\/\/www.mittelpunkt-pferd-sh.de\/index.php?rest_route=%2Fwp%2Fv2%2Fcomments&post=762"}],"version-history":[{"count":0,"href":"http:\/\/www.mittelpunkt-pferd-sh.de\/index.php?rest_route=\/wp\/v2\/posts\/762\/revisions"}],"wp:attachment":[{"href":"http:\/\/www.mittelpunkt-pferd-sh.de\/index.php?rest_route=%2Fwp%2Fv2%2Fmedia&parent=762"}],"wp:term":[{"taxonomy":"category","embeddable":true,"href":"http:\/\/www.mittelpunkt-pferd-sh.de\/index.php?rest_route=%2Fwp%2Fv2%2Fcategories&post=762"},{"taxonomy":"post_tag","embeddable":true,"href":"http:\/\/www.mittelpunkt-pferd-sh.de\/index.php?rest_route=%2Fwp%2Fv2%2Ftags&post=762"}],"curies":[{"name":"wp","href":"https:\/\/api.w.org\/{rel}","templated":true}]}}